[{"command":"add_js","selector":"body","data":[{"src":"\/files\/cz\/js\/js_ugLu1SrM3nxLT_lg80miV49ySyAryeyF4DHn8lOdl_0.js?scope=footer\u0026delta=0\u0026language=cs\u0026theme=weber_base\u0026include=eJzLSayqzMlPTEkt0s8BMoszq1KLdXMz8wB7jAnG"}]},{"command":"insert","method":"replaceWith","selector":"#meet-category-8","data":"\u003Ca href=\u0022\/ajax\/meet-weber-articles?category=8\u0022 class=\u0022btn btn-outline btn-default center-block articles-list-category use-ajax\u0022 id=\u0022meet-category-8\u0022\u003ENov\u00e9 produkty\u003C\/a\u003E","settings":null},{"command":"insert","method":"replaceWith","selector":"#meet-category-246","data":"\u003Ca href=\u0022\/ajax\/meet-weber-articles?category=246\u0022 class=\u0022btn btn-outline btn-default center-block articles-list-category use-ajax\u0022 id=\u0022meet-category-246\u0022\u003ENovinky\u003C\/a\u003E","settings":null},{"command":"insert","method":"replaceWith","selector":"#meet-show-more","data":"\u003Ca href=\u0022\/ajax\/meet-weber-articles?page=2\u0022 class=\u0022btn btn-outline btn-default use-ajax\u0022 id=\u0022meet-show-more\u0022\u003EDal\u0161\u00ed \u010dl\u00e1nky\u003C\/a\u003E","settings":null},{"command":"insertWithRefreshMaxHeight","method":"append","selector":"#articlesList","data":"\u003Cdiv class=\u0022col-sm-6 col-md-4\u0022\u003E\n  \u003Ca href=\u0022\/aktuality-weber\/jak-bude-probihat-ve-weber-konec-roku-2025-zacatek-roku-2026\u0022 data-mh=\u0022thumbnail\u0022 class=\u0022thumbnail thumbnail-default\u0022\u003E\n          \u003Cdiv class=\u0022thumbnail-image\u0022\u003E\n              \u003Cimg alt=\u0022Jak bude prob\u00edhat konec roku 2025 a za\u010d\u00e1tek roku 2026\u0022 title=\u0022Jak bude prob\u00edhat konec roku 2025 a za\u010d\u00e1tek roku 2026\u0022 src=\u0022\/themes\/custom\/weber_base\/assets\/images\/placeholder.svg\u0022 width=\u0022768\u0022 height=\u0022432\u0022 loading=\u0022lazy\u0022 class=\u0022lazyload\u0022 data-src=\u0022\/files\/cz\/styles\/768x432\/public\/pictures\/2025-12\/oteviraci-doba-main.png.webp?itok=vsMgZAdA\u0022 \/\u003E\n\n\n\n\n      \u003C\/div\u003E\n        \u003Cdiv class=\u0022caption\u0022\u003E\n              \u003Cdiv class=\u0022meta\u0022\u003E\u003Cspan class=\u0022label label-primary\u0022\u003E    Novinky\n\u003C\/span\u003E\u003C\/div\u003E\n            \u003Ch3 class=\u0022thumbnail-title\u0022\u003EJak bude prob\u00edhat ve Weber konec roku 2025 a za\u010d\u00e1tek roku 2026?\u003C\/h3\u003E\n    \u003C\/div\u003E\n  \u003C\/a\u003E\n\u003C\/div\u003E\n\u003Cdiv class=\u0022col-sm-6 col-md-4\u0022\u003E\n  \u003Ca href=\u0022\/aktuality-weber\/saint-gobain-podporil-otevreni-terapeutickeho-centra\u0022 data-mh=\u0022thumbnail\u0022 class=\u0022thumbnail thumbnail-default\u0022\u003E\n          \u003Cdiv class=\u0022thumbnail-image\u0022\u003E\n              \u003Cimg alt=\u0022terapeutick\u00e9 centrum\u0022 title=\u0022terapeutick\u00e9 centrum\u0022 src=\u0022\/themes\/custom\/weber_base\/assets\/images\/placeholder.svg\u0022 width=\u0022768\u0022 height=\u0022432\u0022 loading=\u0022lazy\u0022 class=\u0022lazyload\u0022 data-src=\u0022\/files\/cz\/styles\/768x432\/public\/pictures\/2025-10\/terap-centrum-1.png.webp?itok=1o9D5X1n\u0022 \/\u003E\n\n\n\n\n      \u003C\/div\u003E\n        \u003Cdiv class=\u0022caption\u0022\u003E\n              \u003Cdiv class=\u0022meta\u0022\u003E\u003Cspan class=\u0022label label-primary\u0022\u003E    Novinky\n\u003C\/span\u003E\u003C\/div\u003E\n            \u003Ch3 class=\u0022thumbnail-title\u0022\u003ESaint-Gobain podpo\u0159il otev\u0159en\u00ed terapeutick\u00e9ho centra\u003C\/h3\u003E\n    \u003C\/div\u003E\n  \u003C\/a\u003E\n\u003C\/div\u003E\n\u003Cdiv class=\u0022col-sm-6 col-md-4\u0022\u003E\n  \u003Ca href=\u0022\/aktuality-weber\/menime-obal-chytrych-fasad\u0022 data-mh=\u0022thumbnail\u0022 class=\u0022thumbnail thumbnail-default\u0022\u003E\n          \u003Cdiv class=\u0022thumbnail-image\u0022\u003E\n              \u003Cimg alt=\u0022Chytre_fasady_zmena_vizualizace\u0022 title=\u0022Chytre_fasady_zmena_vizualizace\u0022 src=\u0022\/themes\/custom\/weber_base\/assets\/images\/placeholder.svg\u0022 width=\u0022768\u0022 height=\u0022432\u0022 loading=\u0022lazy\u0022 class=\u0022lazyload\u0022 data-src=\u0022\/files\/cz\/styles\/768x432\/public\/pictures\/2025-08\/chytre_fasady.png.webp?itok=kYxkn99B\u0022 \/\u003E\n\n\n\n\n      \u003C\/div\u003E\n        \u003Cdiv class=\u0022caption\u0022\u003E\n              \u003Cdiv class=\u0022meta\u0022\u003E\u003Cspan class=\u0022label label-primary\u0022\u003E    Novinky\n\u003C\/span\u003E\u003C\/div\u003E\n            \u003Ch3 class=\u0022thumbnail-title\u0022\u003EM\u011bn\u00edme obal chytr\u00fdch fas\u00e1d\u003C\/h3\u003E\n    \u003C\/div\u003E\n  \u003C\/a\u003E\n\u003C\/div\u003E\n\u003Cdiv class=\u0022col-sm-6 col-md-4\u0022\u003E\n  \u003Ca href=\u0022\/aktuality-weber\/mimoradny-letni-provoz-pobocky-v-ostrave\u0022 data-mh=\u0022thumbnail\u0022 class=\u0022thumbnail thumbnail-default\u0022\u003E\n          \u003Cdiv class=\u0022thumbnail-image\u0022\u003E\n              \u003Cimg alt=\u0022web.logo. info \u0022 title=\u0022web.logo. info \u0022 src=\u0022\/themes\/custom\/weber_base\/assets\/images\/placeholder.svg\u0022 width=\u0022768\u0022 height=\u0022432\u0022 loading=\u0022lazy\u0022 class=\u0022lazyload\u0022 data-src=\u0022\/files\/cz\/styles\/768x432\/public\/pictures\/2025-07\/MIMO%C5%98%C3%81DN%C3%9D%20LETN%C3%8D%20PROVOZ%20POBO%C4%8CKY%20V%20OSTRAV%C4%9A%20%281%29.png.webp?itok=F_ckWT6C\u0022 \/\u003E\n\n\n\n\n      \u003C\/div\u003E\n        \u003Cdiv class=\u0022caption\u0022\u003E\n              \u003Cdiv class=\u0022meta\u0022\u003E\u003Cspan class=\u0022label label-primary\u0022\u003E    Novinky\n\u003C\/span\u003E\u003C\/div\u003E\n            \u003Ch3 class=\u0022thumbnail-title\u0022\u003EMimo\u0159\u00e1dn\u00fd letn\u00ed provoz pobo\u010dky v Ostrav\u011b\u003C\/h3\u003E\n    \u003C\/div\u003E\n  \u003C\/a\u003E\n\u003C\/div\u003E\n\u003Cdiv class=\u0022col-sm-6 col-md-4\u0022\u003E\n  \u003Ca href=\u0022\/aktuality-weber\/webinar-mame-se-bat-nove-smernice-epbd-iv\u0022 data-mh=\u0022thumbnail\u0022 class=\u0022thumbnail thumbnail-default\u0022\u003E\n          \u003Cdiv class=\u0022thumbnail-image\u0022\u003E\n              \u003Cimg alt=\u0022Webin\u00e1\u0159: M\u00e1me se b\u00e1t nov\u00e9 sm\u011brnice EPBD IV?\u0022 title=\u0022Webin\u00e1\u0159: M\u00e1me se b\u00e1t nov\u00e9 sm\u011brnice EPBD IV?\u0022 src=\u0022\/themes\/custom\/weber_base\/assets\/images\/placeholder.svg\u0022 width=\u0022768\u0022 height=\u0022432\u0022 loading=\u0022lazy\u0022 class=\u0022lazyload\u0022 data-src=\u0022\/files\/cz\/styles\/768x432\/public\/pictures\/2025-06\/SG-FORUM_Weber_1920x1080.pdf_.png.webp?itok=jxUA11ZS\u0022 \/\u003E\n\n\n\n\n      \u003C\/div\u003E\n        \u003Cdiv class=\u0022caption\u0022\u003E\n              \u003Cdiv class=\u0022meta\u0022\u003E\u003Cspan class=\u0022label label-primary\u0022\u003E    Novinky\n\u003C\/span\u003E\u003C\/div\u003E\n            \u003Ch3 class=\u0022thumbnail-title\u0022\u003EWebin\u00e1\u0159: M\u00e1me se b\u00e1t nov\u00e9 sm\u011brnice EPBD IV?\u003C\/h3\u003E\n    \u003C\/div\u003E\n  \u003C\/a\u003E\n\u003C\/div\u003E\n\u003Cdiv class=\u0022col-sm-6 col-md-4\u0022\u003E\n  \u003Ca href=\u0022\/aktuality-weber\/dvacet-let-v-pedalech-weber-jicinska-50-jicinska-10-opet-propoji-sport-benefici\u0022 data-mh=\u0022thumbnail\u0022 class=\u0022thumbnail thumbnail-default\u0022\u003E\n          \u003Cdiv class=\u0022thumbnail-image\u0022\u003E\n              \u003Cimg alt=\u0022WEBER Ji\u010d\u00ednsk\u00e1 50 a Ji\u010d\u00ednsk\u00e1 10 op\u011bt propoj\u00ed sport a benefici\u0022 title=\u0022WEBER Ji\u010d\u00ednsk\u00e1 50 a Ji\u010d\u00ednsk\u00e1 10 op\u011bt propoj\u00ed sport a benefici\u0022 src=\u0022\/themes\/custom\/weber_base\/assets\/images\/placeholder.svg\u0022 width=\u0022768\u0022 height=\u0022432\u0022 loading=\u0022lazy\u0022 class=\u0022lazyload\u0022 data-src=\u0022\/files\/cz\/styles\/768x432\/public\/pictures\/2025-05\/jicinska-50_2025-main.png.webp?itok=kUFQS3T5\u0022 \/\u003E\n\n\n\n\n      \u003C\/div\u003E\n        \u003Cdiv class=\u0022caption\u0022\u003E\n              \u003Cdiv class=\u0022meta\u0022\u003E\u003Cspan class=\u0022label label-primary\u0022\u003E    Novinky\n\u003C\/span\u003E\u003C\/div\u003E\n            \u003Ch3 class=\u0022thumbnail-title\u0022\u003EDvacet let v ped\u00e1lech. WEBER Ji\u010d\u00ednsk\u00e1 50 a Ji\u010d\u00ednsk\u00e1 10 op\u011bt propoj\u00ed sport a benefici\u003C\/h3\u003E\n    \u003C\/div\u003E\n  \u003C\/a\u003E\n\u003C\/div\u003E\n","settings":null}]