[{"command":"add_js","selector":"body","data":[{"src":"\/files\/cz\/js\/js_ugLu1SrM3nxLT_lg80miV49ySyAryeyF4DHn8lOdl_0.js?scope=footer\u0026delta=0\u0026language=cs\u0026theme=weber_base\u0026include=eJzLSayqzMlPTEkt0s8BMoszq1KLdXMz8wB7jAnG"}]},{"command":"insert","method":"replaceWith","selector":"#meet-category-8","data":"\u003Ca href=\u0022\/ajax\/meet-weber-articles\u0022 class=\u0022btn btn-outline btn-default center-block articles-list-category use-ajax\u0022 id=\u0022meet-category-8\u0022 style=\u0022background-color: #ccc\u0022\u003E\u003Cspan class=\u0022fa fa-close\u0022 style=\u0022margin-right: 4px;\u0022\u003E\u003C\/span\u003ENov\u00e9 produkty\u003C\/a\u003E","settings":null},{"command":"insert","method":"replaceWith","selector":"#meet-category-246","data":"\u003Ca href=\u0022\/ajax\/meet-weber-articles?category=246\u0022 class=\u0022btn btn-outline btn-default center-block articles-list-category use-ajax\u0022 id=\u0022meet-category-246\u0022\u003ENovinky\u003C\/a\u003E","settings":null},{"command":"insert","method":"replaceWith","selector":"#meet-show-more","data":"\u003Ca id=\u0022meet-show-more\u0022\u003E\u003C\/a\u003E","settings":null},{"command":"insertWithRefreshMaxHeight","method":"replaceWith","selector":"#articlesList","data":"\u003Cdiv id=\u0022articlesList\u0022 class=\u0022row\u0022\u003E\u003Cdiv class=\u0022col-sm-6 col-md-4\u0022\u003E\n  \u003Ca href=\u0022\/aktuality-weber\/designova-lahudka-v-zateplovacich-systemech-sklo-jako-finalni-povrch\u0022 data-mh=\u0022thumbnail\u0022 class=\u0022thumbnail thumbnail-default\u0022\u003E\n          \u003Cdiv class=\u0022thumbnail-image\u0022\u003E\n              \u003Cimg alt=\u0022Zateplovac\u00ed syst\u00e9m se sklen\u011bn\u00fdm povrchem weber therm style\u0022 title=\u0022Zateplovac\u00ed syst\u00e9m se sklen\u011bn\u00fdm povrchem weber therm style\u0022 src=\u0022\/themes\/custom\/weber_base\/assets\/images\/placeholder.svg\u0022 width=\u0022768\u0022 height=\u0022432\u0022 loading=\u0022lazy\u0022 class=\u0022lazyload\u0022 data-src=\u0022\/files\/cz\/styles\/768x432\/public\/pictures\/2020-03\/webertherm-style-sklo.jpg.webp?itok=NnY4McWc\u0022 \/\u003E\n\n\n\n\n      \u003C\/div\u003E\n        \u003Cdiv class=\u0022caption\u0022\u003E\n              \u003Cdiv class=\u0022meta\u0022\u003E\u003Cspan class=\u0022label label-primary\u0022\u003E    Novinky\n    Nov\u00e9 produkty\n\u003C\/span\u003E\u003C\/div\u003E\n            \u003Ch3 class=\u0022thumbnail-title\u0022\u003EDESIGNOV\u00c1 LAH\u016eDKA V ZATEPLOVAC\u00cdCH SYST\u00c9MECH \u2013 SKLO JAKO FIN\u00c1LN\u00cd POVRCH \u003C\/h3\u003E\n    \u003C\/div\u003E\n  \u003C\/a\u003E\n\u003C\/div\u003E\n\u003Cdiv class=\u0022col-sm-6 col-md-4\u0022\u003E\n  \u003Ca href=\u0022\/aktuality-weber\/zateplovaci-system-se-sklenenym-povrchem-weber-therm-style\u0022 data-mh=\u0022thumbnail\u0022 class=\u0022thumbnail thumbnail-default\u0022\u003E\n          \u003Cdiv class=\u0022thumbnail-image\u0022\u003E\n              \u003Cimg alt=\u0022Zateplovac\u00ed syst\u00e9m se sklen\u011bn\u00fdm povrchem weber therm style\u0022 title=\u0022Zateplovac\u00ed syst\u00e9m se sklen\u011bn\u00fdm povrchem weber therm style\u0022 src=\u0022\/themes\/custom\/weber_base\/assets\/images\/placeholder.svg\u0022 width=\u0022768\u0022 height=\u0022432\u0022 loading=\u0022lazy\u0022 class=\u0022lazyload\u0022 data-src=\u0022\/files\/cz\/styles\/768x432\/public\/pictures\/2020-03\/webertherm-style-sklo.jpg.webp?itok=NnY4McWc\u0022 \/\u003E\n\n\n\n\n      \u003C\/div\u003E\n        \u003Cdiv class=\u0022caption\u0022\u003E\n              \u003Cdiv class=\u0022meta\u0022\u003E\u003Cspan class=\u0022label label-primary\u0022\u003E    Novinky\n    Nov\u00e9 produkty\n\u003C\/span\u003E\u003C\/div\u003E\n            \u003Ch3 class=\u0022thumbnail-title\u0022\u003EZateplovac\u00ed syst\u00e9m se sklen\u011bn\u00fdm povrchem weber therm style\u003C\/h3\u003E\n    \u003C\/div\u003E\n  \u003C\/a\u003E\n\u003C\/div\u003E\n\u003Cdiv class=\u0022col-sm-6 col-md-4\u0022\u003E\n  \u003Ca href=\u0022\/aktuality-weber\/epoxidove-podlahy-jednoduche-designove-reseni\u0022 data-mh=\u0022thumbnail\u0022 class=\u0022thumbnail thumbnail-default\u0022\u003E\n          \u003Cdiv class=\u0022thumbnail-image\u0022\u003E\n              \u003Cimg alt=\u0022Epoxidov\u00e1 podlaha a d\u00edt\u011b\u0022 title=\u0022Epoxidov\u00e1 podlaha a d\u00edt\u011b\u0022 src=\u0022\/themes\/custom\/weber_base\/assets\/images\/placeholder.svg\u0022 width=\u0022768\u0022 height=\u0022432\u0022 loading=\u0022lazy\u0022 class=\u0022lazyload\u0022 data-src=\u0022\/files\/cz\/styles\/768x432\/public\/pictures\/2020-03\/epoxidov%C3%A9-podlahy-weber.jpg.webp?itok=bpinVCv_\u0022 \/\u003E\n\n\n\n\n      \u003C\/div\u003E\n        \u003Cdiv class=\u0022caption\u0022\u003E\n              \u003Cdiv class=\u0022meta\u0022\u003E\u003Cspan class=\u0022label label-primary\u0022\u003E    Novinky\n    Nov\u00e9 produkty\n\u003C\/span\u003E\u003C\/div\u003E\n            \u003Ch3 class=\u0022thumbnail-title\u0022\u003EEpoxidov\u00e9 podlahy \u2013 jednoduch\u00e9 a designov\u00e9 \u0159e\u0161en\u00ed\u003C\/h3\u003E\n    \u003C\/div\u003E\n  \u003C\/a\u003E\n\u003C\/div\u003E\n\u003Cdiv class=\u0022col-sm-6 col-md-4\u0022\u003E\n  \u003Ca href=\u0022\/aktuality-weber\/novy-moderni-design-pro-interier-i-exterier\u0022 data-mh=\u0022thumbnail\u0022 class=\u0022thumbnail thumbnail-default\u0022\u003E\n          \u003Cdiv class=\u0022thumbnail-image\u0022\u003E\n              \u003Cimg alt=\u0022Nov\u00fd modern\u00ed design pro interi\u00e9r i exteri\u00e9r\u0022 title=\u0022Nov\u00fd modern\u00ed design pro interi\u00e9r i exteri\u00e9r\u0022 src=\u0022\/themes\/custom\/weber_base\/assets\/images\/placeholder.svg\u0022 width=\u0022768\u0022 height=\u0022432\u0022 loading=\u0022lazy\u0022 class=\u0022lazyload\u0022 data-src=\u0022\/files\/cz\/styles\/768x432\/public\/pictures\/2019-04\/news_2019-04-17.jpg.webp?itok=0XWcKH0t\u0022 \/\u003E\n\n\n\n\n      \u003C\/div\u003E\n        \u003Cdiv class=\u0022caption\u0022\u003E\n              \u003Cdiv class=\u0022meta\u0022\u003E\u003Cspan class=\u0022label label-primary\u0022\u003E    Novinky\n    Nov\u00e9 produkty\n\u003C\/span\u003E\u003C\/div\u003E\n            \u003Ch3 class=\u0022thumbnail-title\u0022\u003ENov\u00fd modern\u00ed design pro interi\u00e9r i exteri\u00e9r\u003C\/h3\u003E\n    \u003C\/div\u003E\n  \u003C\/a\u003E\n\u003C\/div\u003E\n\u003Cdiv class=\u0022col-sm-6 col-md-4\u0022\u003E\n  \u003Ca href=\u0022\/aktuality-weber\/mejte-doma-zdrave-klima\u0022 data-mh=\u0022thumbnail\u0022 class=\u0022thumbnail thumbnail-default\u0022\u003E\n          \u003Cdiv class=\u0022thumbnail-image\u0022\u003E\n              \u003Cimg alt=\u0022M\u011bjte doma zdrav\u00e9 klima\u0022 title=\u0022M\u011bjte doma zdrav\u00e9 klima\u0022 src=\u0022\/themes\/custom\/weber_base\/assets\/images\/placeholder.svg\u0022 width=\u0022768\u0022 height=\u0022432\u0022 loading=\u0022lazy\u0022 class=\u0022lazyload\u0022 data-src=\u0022\/files\/cz\/styles\/768x432\/public\/pictures\/2020-03\/zdrave-klima.jpg.webp?itok=GAyQSsb_\u0022 \/\u003E\n\n\n\n\n      \u003C\/div\u003E\n        \u003Cdiv class=\u0022caption\u0022\u003E\n              \u003Cdiv class=\u0022meta\u0022\u003E\u003Cspan class=\u0022label label-primary\u0022\u003E    Novinky\n    Nov\u00e9 produkty\n\u003C\/span\u003E\u003C\/div\u003E\n            \u003Ch3 class=\u0022thumbnail-title\u0022\u003EM\u011bjte doma zdrav\u00e9 klima\u003C\/h3\u003E\n    \u003C\/div\u003E\n  \u003C\/a\u003E\n\u003C\/div\u003E\n\u003C\/div\u003E","settings":null}]