[{"command":"add_js","selector":"body","data":[{"src":"\/files\/cz\/js\/js_ugLu1SrM3nxLT_lg80miV49ySyAryeyF4DHn8lOdl_0.js?scope=footer\u0026delta=0\u0026language=cs\u0026theme=weber_base\u0026include=eJzLSayqzMlPTEkt0s8BMoszq1KLdXMz8wB7jAnG"}]},{"command":"insert","method":"replaceWith","selector":"#meet-category-8","data":"\u003Ca href=\u0022\/ajax\/meet-weber-articles?category=8\u0022 class=\u0022btn btn-outline btn-default center-block articles-list-category use-ajax\u0022 id=\u0022meet-category-8\u0022\u003ENov\u00e9 produkty\u003C\/a\u003E","settings":null},{"command":"insert","method":"replaceWith","selector":"#meet-category-246","data":"\u003Ca href=\u0022\/ajax\/meet-weber-articles\u0022 class=\u0022btn btn-outline btn-default center-block articles-list-category use-ajax\u0022 id=\u0022meet-category-246\u0022 style=\u0022background-color: #ccc\u0022\u003E\u003Cspan class=\u0022fa fa-close\u0022 style=\u0022margin-right: 4px;\u0022\u003E\u003C\/span\u003ENovinky\u003C\/a\u003E","settings":null},{"command":"insert","method":"replaceWith","selector":"#meet-show-more","data":"\u003Ca href=\u0022\/ajax\/meet-weber-articles?page=1\u0026amp;category=246\u0022 class=\u0022btn btn-outline btn-default use-ajax\u0022 id=\u0022meet-show-more\u0022\u003EDal\u0161\u00ed \u010dl\u00e1nky\u003C\/a\u003E","settings":null},{"command":"insertWithRefreshMaxHeight","method":"replaceWith","selector":"#articlesList","data":"\u003Cdiv id=\u0022articlesList\u0022 class=\u0022row\u0022\u003E\u003Cdiv class=\u0022col-sm-6 col-md-4\u0022\u003E\n  \u003Ca href=\u0022\/aktuality-weber\/novy-cenik-produktu-weber-od-20-4-2026\u0022 data-mh=\u0022thumbnail\u0022 class=\u0022thumbnail thumbnail-default\u0022\u003E\n          \u003Cdiv class=\u0022thumbnail-image\u0022\u003E\n              \u003Cimg alt=\u0022Cen\u00edk produkt\u016f Weber platn\u00fd od 1. 3. 2026\u0022 title=\u0022Cen\u00edk produkt\u016f Weber platn\u00fd od 1. 3. 2026\u0022 src=\u0022\/themes\/custom\/weber_base\/assets\/images\/placeholder.svg\u0022 width=\u0022768\u0022 height=\u0022432\u0022 loading=\u0022lazy\u0022 class=\u0022lazyload\u0022 data-src=\u0022\/files\/cz\/styles\/768x432\/public\/pictures\/2026-02\/cenik-2026-main.png.webp?itok=8LaS5d4L\u0022 \/\u003E\n\n\n\n\n      \u003C\/div\u003E\n        \u003Cdiv class=\u0022caption\u0022\u003E\n              \u003Cdiv class=\u0022meta\u0022\u003E\u003Cspan class=\u0022label label-primary\u0022\u003E    Novinky\n\u003C\/span\u003E\u003C\/div\u003E\n            \u003Ch3 class=\u0022thumbnail-title\u0022\u003ENov\u00fd Cen\u00edk produkt\u016f Weber od 20. 4. 2026\u003C\/h3\u003E\n    \u003C\/div\u003E\n  \u003C\/a\u003E\n\u003C\/div\u003E\n\u003Cdiv class=\u0022col-sm-6 col-md-4\u0022\u003E\n  \u003Ca href=\u0022\/aktuality-weber\/saint-gobain-forum-nova-zelena-usporam-jinak\u0022 data-mh=\u0022thumbnail\u0022 class=\u0022thumbnail thumbnail-default\u0022\u003E\n          \u003Cdiv class=\u0022thumbnail-image\u0022\u003E\n              \u003Cimg alt=\u0022Saint-Gobain F\u00f3rum: Nov\u00e1 zelen\u00e1 \u00faspor\u00e1m jinak?\u0022 title=\u0022Saint-Gobain F\u00f3rum: Nov\u00e1 zelen\u00e1 \u00faspor\u00e1m jinak?\u0022 src=\u0022\/themes\/custom\/weber_base\/assets\/images\/placeholder.svg\u0022 width=\u0022768\u0022 height=\u0022432\u0022 loading=\u0022lazy\u0022 class=\u0022lazyload\u0022 data-src=\u0022\/files\/cz\/styles\/768x432\/public\/pictures\/2026-04\/Sn%C3%ADmek2.PNG.webp?itok=a_XcR2NI\u0022 \/\u003E\n\n\n\n\n      \u003C\/div\u003E\n        \u003Cdiv class=\u0022caption\u0022\u003E\n              \u003Cdiv class=\u0022meta\u0022\u003E\u003Cspan class=\u0022label label-primary\u0022\u003E    Novinky\n\u003C\/span\u003E\u003C\/div\u003E\n            \u003Ch3 class=\u0022thumbnail-title\u0022\u003ESaint-Gobain F\u00f3rum: Nov\u00e1 zelen\u00e1 \u00faspor\u00e1m jinak?\u003C\/h3\u003E\n    \u003C\/div\u003E\n  \u003C\/a\u003E\n\u003C\/div\u003E\n\u003Cdiv class=\u0022col-sm-6 col-md-4\u0022\u003E\n  \u003Ca href=\u0022\/aktuality-weber\/pozvanka-na-seminar-moderni-tepelne-technicke-izolace-navrhovani-staveb\u0022 data-mh=\u0022thumbnail\u0022 class=\u0022thumbnail thumbnail-default\u0022\u003E\n          \u003Cdiv class=\u0022thumbnail-image\u0022\u003E\n              \u003Cimg alt=\u0022Pozv\u00e1nka na semin\u00e1\u0159 \u201cModern\u00ed tepeln\u011b technick\u00e9 izolace a navrhov\u00e1n\u00ed staveb\u201d\u0022 title=\u0022Pozv\u00e1nka na semin\u00e1\u0159 \u201cModern\u00ed tepeln\u011b technick\u00e9 izolace a navrhov\u00e1n\u00ed staveb\u201d\u0022 src=\u0022\/themes\/custom\/weber_base\/assets\/images\/placeholder.svg\u0022 width=\u0022768\u0022 height=\u0022432\u0022 loading=\u0022lazy\u0022 class=\u0022lazyload\u0022 data-src=\u0022\/files\/cz\/styles\/768x432\/public\/pictures\/2026-02\/Untitled_Artwork%20%281%29.png.webp?itok=dYDaEcuD\u0022 \/\u003E\n\n\n\n\n      \u003C\/div\u003E\n        \u003Cdiv class=\u0022caption\u0022\u003E\n              \u003Cdiv class=\u0022meta\u0022\u003E\u003Cspan class=\u0022label label-primary\u0022\u003E    Novinky\n\u003C\/span\u003E\u003C\/div\u003E\n            \u003Ch3 class=\u0022thumbnail-title\u0022\u003EPozv\u00e1nka na semin\u00e1\u0159 \u201cModern\u00ed tepeln\u011b technick\u00e9 izolace a navrhov\u00e1n\u00ed staveb\u201d\u003C\/h3\u003E\n    \u003C\/div\u003E\n  \u003C\/a\u003E\n\u003C\/div\u003E\n\u003Cdiv class=\u0022col-sm-6 col-md-4\u0022\u003E\n  \u003Ca href=\u0022\/aktuality-weber\/ucte-se-od-profiku-odborna-skoleni-weber-jsou-vypsana\u0022 data-mh=\u0022thumbnail\u0022 class=\u0022thumbnail thumbnail-default\u0022\u003E\n          \u003Cdiv class=\u0022thumbnail-image\u0022\u003E\n              \u003Cimg alt=\u0022Zapi\u0161te se na odborn\u00e1 \u0161kolen\u00ed Weber a nau\u010dte se to od prof\u00edk\u016f\u0022 title=\u0022Zapi\u0161te se na odborn\u00e1 \u0161kolen\u00ed Weber a nau\u010dte se to od prof\u00edk\u016f\u0022 src=\u0022\/themes\/custom\/weber_base\/assets\/images\/placeholder.svg\u0022 width=\u0022768\u0022 height=\u0022432\u0022 loading=\u0022lazy\u0022 class=\u0022lazyload\u0022 data-src=\u0022\/files\/cz\/styles\/768x432\/public\/pictures\/2025-02\/skoleni-profiklub-main.png.webp?itok=5ukdADjx\u0022 \/\u003E\n\n\n\n\n      \u003C\/div\u003E\n        \u003Cdiv class=\u0022caption\u0022\u003E\n              \u003Cdiv class=\u0022meta\u0022\u003E\u003Cspan class=\u0022label label-primary\u0022\u003E    Novinky\n\u003C\/span\u003E\u003C\/div\u003E\n            \u003Ch3 class=\u0022thumbnail-title\u0022\u003EU\u010cTE SE OD PROF\u00cdK\u016e. Odborn\u00e1 \u0161kolen\u00ed Weber jsou vyps\u00e1na\u003C\/h3\u003E\n    \u003C\/div\u003E\n  \u003C\/a\u003E\n\u003C\/div\u003E\n\u003Cdiv class=\u0022col-sm-6 col-md-4\u0022\u003E\n  \u003Ca href=\u0022\/aktuality-weber\/top-employer-jiz-po-jedenacte-v-rade\u0022 data-mh=\u0022thumbnail\u0022 class=\u0022thumbnail thumbnail-default\u0022\u003E\n          \u003Cdiv class=\u0022thumbnail-image\u0022\u003E\n              \u003Cimg alt=\u0022TOP Employer 2026\u0022 title=\u0022TOP Employer 2026\u0022 src=\u0022\/themes\/custom\/weber_base\/assets\/images\/placeholder.svg\u0022 width=\u0022768\u0022 height=\u0022432\u0022 loading=\u0022lazy\u0022 class=\u0022lazyload\u0022 data-src=\u0022\/files\/cz\/styles\/768x432\/public\/pictures\/2026-01\/top-employer-2026-main.png.webp?itok=AbXcBcgt\u0022 \/\u003E\n\n\n\n\n      \u003C\/div\u003E\n        \u003Cdiv class=\u0022caption\u0022\u003E\n              \u003Cdiv class=\u0022meta\u0022\u003E\u003Cspan class=\u0022label label-primary\u0022\u003E    Novinky\n\u003C\/span\u003E\u003C\/div\u003E\n            \u003Ch3 class=\u0022thumbnail-title\u0022\u003ETOP EMPLOYER ji\u017e po jeden\u00e1ct\u00e9 v \u0159ad\u011b!\u003C\/h3\u003E\n    \u003C\/div\u003E\n  \u003C\/a\u003E\n\u003C\/div\u003E\n\u003Cdiv class=\u0022col-sm-6 col-md-4\u0022\u003E\n  \u003Ca href=\u0022\/aktuality-weber\/webinar-reseni-pro-fungujici-udrzitelne-stavebnictvi\u0022 data-mh=\u0022thumbnail\u0022 class=\u0022thumbnail thumbnail-default\u0022\u003E\n          \u003Cdiv class=\u0022thumbnail-image\u0022\u003E\n              \u003Cimg alt=\u0022Webin\u00e1\u0159: \u0158e\u0161en\u00ed pro funguj\u00edc\u00ed a udr\u017eiteln\u00e9 stavebnictv\u00ed\u0022 title=\u0022Webin\u00e1\u0159: \u0158e\u0161en\u00ed pro funguj\u00edc\u00ed a udr\u017eiteln\u00e9 stavebnictv\u00ed\u0022 src=\u0022\/themes\/custom\/weber_base\/assets\/images\/placeholder.svg\u0022 width=\u0022768\u0022 height=\u0022432\u0022 loading=\u0022lazy\u0022 class=\u0022lazyload\u0022 data-src=\u0022\/files\/cz\/styles\/768x432\/public\/pictures\/2025-12\/1920x1080.jpg.webp?itok=WMvobKDQ\u0022 \/\u003E\n\n\n\n\n      \u003C\/div\u003E\n        \u003Cdiv class=\u0022caption\u0022\u003E\n              \u003Cdiv class=\u0022meta\u0022\u003E\u003Cspan class=\u0022label label-primary\u0022\u003E    Novinky\n\u003C\/span\u003E\u003C\/div\u003E\n            \u003Ch3 class=\u0022thumbnail-title\u0022\u003EWebin\u00e1\u0159: \u0158e\u0161en\u00ed pro funguj\u00edc\u00ed a udr\u017eiteln\u00e9 stavebnictv\u00ed\u003C\/h3\u003E\n    \u003C\/div\u003E\n  \u003C\/a\u003E\n\u003C\/div\u003E\n\u003C\/div\u003E","settings":null}]